{"id":474,"date":"2021-05-03T19:13:23","date_gmt":"2021-05-03T19:13:23","guid":{"rendered":"https:\/\/estaciondeluz.com\/sitio\/?p=474"},"modified":"2025-01-30T15:35:45","modified_gmt":"2025-01-30T15:35:45","slug":"el-despertar-de-la-chispa-divina","status":"publish","type":"post","link":"https:\/\/estaciondeluz.com\/sitio\/el-despertar-de-la-chispa-divina\/","title":{"rendered":"YO SOY la Luz del mundo"},"content":{"rendered":"\n<p><strong>Retiro centro Loyola diciembre 2024<\/strong><\/p>\n\n\n\n<p>La propuesta en este encuentro ser\u00e1 la de fortalecer la VERDAD de quienes somos en esencia y el de poder percibir este don en nuestras vidas;<strong> es el darnos cuenta<\/strong> que cada uno de nosotros es portador de una chispa divina (LA LUZ o CONCIENCIA PURA) en lo m\u00e1s profundo de nuestro SER.<\/p>\n\n\n\n<p>En el evangelio de Juan, Jes\u00fas dijo: \u201cYO SOY LA LUZ DEL MUNDO\u201d, y luego, ante una multitud en otro momento, dijo: \u201cTU ERES LA LUZ DEL MUNDO\u201d, dirigi\u00e9ndose a sus seguidores. Pero parece que nadie lo escuch\u00f3 o no le crey\u00f3.<\/p>\n\n\n\n<p>Eckhart Tolle investig\u00f3 este concepto, y comenta que en el idioma ARAMEO, en esa \u00e9poca, la palabra <strong>conciencia <\/strong>no era conocida, y que el t\u00e9rmino LUZ era su equivalente, de manera que lo que estamos diciendo en verdad es: YO SOY LA CONCIENCIA DEL MUNDO (lo que implica la idea de que somos todos co-creadores del mundo)<\/p>\n\n\n\n<p>Las personas en general pueden aceptar que <em>\u00c9l (Jes\u00fas)<\/em> SEA LA LUZ DEL MUNDO, pero quien este leyendo esta frase quiz\u00e1s no acepte que \u00e9l o ella sea tambi\u00e9n sea la LUZ DEL MUNDO, no se sienten igual a Cristo. Aqu\u00ed no se trata de comparar roles o acciones que a cada uno le tocar\u00eda llevar adelante en la vida, el YO SOY al que nos referimos es com\u00fan a cada ser humano que ha encarnado como tal. Representa esa part\u00edcula infinita de la TOTALIDAD que todos llevamos adentro.<\/p>\n\n\n\n<p>Esta LUZ que vive en nuestro interior, puede ser considerada tambi\u00e9n como una emanaci\u00f3n de DIOS (Por ello, a veces decimos \u201cDios vive en m\u00ed\u201d). Y no por ello tengo que tomar los h\u00e1bitos, solo tengo que vivir en paz sabiendo que \u201cEl todopoderoso creador\u201d est\u00e1 presente en mi Conciencia Pura.<\/p>\n\n\n\n<p>El hecho de que YO tambi\u00e9n sea la Luz o conciencia del MUNDO, significa que el mundo se manifiesta a causa de nuestra percepci\u00f3n, o sea si no somos capaces de percibir, si no somos conscientes, NO EXISTE EL MUNDO.<\/p>\n\n\n\n<p>El mundo es una Creaci\u00f3n de nuestra propia percepci\u00f3n o conciencia pura.<\/p>\n\n\n\n<p>Este principio es lo que hay que entender y aceptar, no como DOGMA, sino porque es un hecho real. De la misma manera que est\u00e1 fuera de TODA DUDA nuestra aceptaci\u00f3n que el agua de lluvia nutre a las plantas, o que el Sol es necesario para que haya vida en el planeta.<\/p>\n\n\n\n<p>Por eso, \u201cYO SOY LA LUZ DEL MUNDO\u201d es un hecho que est\u00e1 presente en MI ALMA y en la de todos de los dem\u00e1s. Porque ESENCIA HAY UNA SOLA, y todos tenemos una peque\u00f1a part\u00edcula de la Totalidad en nuestro interior.<\/p>\n\n\n\n<p>Esta ense\u00f1anza precede a Jes\u00fas. En el antiguo testamento encontramos (en el salmo 46) el significado m\u00edstico del t\u00e9rmino \u201cYO SOY\u201d, en donde se describe como parte de una realidad interna m\u00e1s profunda que la entidad personal EXTERNA de cada individuo. Nos dice al final del verso:<\/p>\n\n\n\n<p><strong>Estate en CALMA Y SABED QUE \u201cYO SOY\u201d DIOS<\/strong><\/p>\n\n\n\n<p><strong>(Mant\u00e9n la calma y recuerda que Dios est\u00e1 en ti)<\/strong><\/p>\n\n\n\n<p><strong><em>Mensaje de los Maestros<\/em><\/strong><\/p>\n\n\n\n<p>Durante el encuentro en Centro Loyola, LA TRADICION DE LOS MAESTROS nos indicaron lo siguiente:<\/p>\n\n\n\n<p>Repitan conmigo \u201cYO SOY LA LUZ DEL MUNDO\u201d. Sientan que esta Luz o conciencia pura representa a Dios en la Tierra, y nos dicen que sin reconocer este conocimiento el mundo se tornar\u00eda m\u00e1s oscuro.<\/p>\n\n\n\n<p>Nosotros, la TRADICION DE LOS MAESTROS, junto con la FRECUENCIA CRISTICA les rogamos que reconozcan su Divinidad, solo as\u00ed podr\u00e1n ser los portadores del cambio<\/p>\n\n\n\n<p>en este mundo que ha ca\u00eddo en una DECADENCIA ESPIRITUAL, a causa de la visi\u00f3n de la separaci\u00f3n de la fuente.<\/p>\n\n\n\n<p>Nos recalcan que como sea que nosotros percibamos el mundo as\u00ed ser\u00e1 \u00e9ste. Si lo percibimos a trav\u00e9s del filtro de nuestra divinidad, el mundo recuperara su LUZ, SU ESPLENDOR y SU EQUILIBRIO.<\/p>\n\n\n\n<p><strong><em>EL MANTRA COMO PARTE DE LA LUZ DEL MUNDO<\/em><\/strong><\/p>\n\n\n\n<p>Cuando uno aprendi\u00f3 a meditar, se nos dio un MANTRA o FRECUENCIA* como veh\u00edculo de interiorizaci\u00f3n, con el fin de que podamos descubrir nuestra verdadera esencia, que es la LUZ DEL MUNDO y el de poder experimentar el reino de los cielos, el hogar de todas las LEYES de la naturaleza que da lugar a la creaci\u00f3n, como nuestra verdadera naturaleza.<\/p>\n\n\n\n<p>Quienes hemos tenido la bendici\u00f3n de tener esta herramienta, en este encuentro tendremos la oportunidad de ahondar en la experiencia de la LUZ y de experimentar diversas pr\u00e1cticas destinadas a instalar este PODER INFINITO de forma permanente en nuestras vidas.<\/p>\n\n\n\n<p>*El mantra o sonido representa un ATOMO DE ESA LUZ INTERIOR, cuando lo invocamos en la mente consciente, debido a su naturaleza, esa part\u00edcula de LUZ volver\u00e1 a su origen, llevando consigo nuestra percepci\u00f3n superior a sumergirse en la CONCIENCIA PURA.<\/p>\n\n\n\n<p><strong>Buenos Aires<\/strong> <strong>Diciembre 2024<\/strong><\/p>\n\n\n\n<p><strong>Sonia Steed<\/strong><\/p>\n\n\n\n<p class=\"has-large-font-size\"><strong>46<\/strong>: Dios es nuestro amparo y fortaleza<\/p>\n\n\n\n<p><strong>Estad quietos, y conoced que yo soy Dios;<\/strong><\/p>\n\n\n\n<p><strong>Al m\u00fasico principal; de los hijos de Cor\u00e9.<\/strong><\/p>\n\n\n\n<p>Nuestro pronto auxilio en las tribulaciones.<\/p>\n\n\n\n<p><strong><sup>2&nbsp;<\/sup><\/strong>Por tanto, no temeremos, aunque la tierra sea removida,<\/p>\n\n\n\n<p>Y se traspasen los montes al coraz\u00f3n del mar;<\/p>\n\n\n\n<p><strong><sup>3&nbsp;<\/sup><\/strong>Aunque bramen y se turben sus aguas,<\/p>\n\n\n\n<p>Y tiemblen los montes a causa de su braveza.&nbsp;<em>Selah<\/em><\/p>\n\n\n\n<p><strong><sup>4&nbsp;<\/sup><\/strong>Del r\u00edo sus corrientes alegran la ciudad de Dios,<\/p>\n\n\n\n<p>El santuario de las moradas del Alt\u00edsimo.<\/p>\n\n\n\n<p><strong><sup>5&nbsp;<\/sup><\/strong>Dios est\u00e1 en medio de ella; no ser\u00e1 conmovida.<\/p>\n\n\n\n<p>Dios la ayudar\u00e1 al clarear la ma\u00f1ana.<\/p>\n\n\n\n<p><strong><sup>6&nbsp;<\/sup><\/strong>Bramaron las naciones, titubearon los reinos;<\/p>\n\n\n\n<p>Dio \u00e9l su voz, se derriti\u00f3 la tierra.<\/p>\n\n\n\n<p><strong><sup>7&nbsp;<\/sup><\/strong>Jehov\u00e1 de los ej\u00e9rcitos est\u00e1 con nosotros;<\/p>\n\n\n\n<p>Nuestro refugio es el Dios de Jacob.&nbsp;<em>Selah<\/em><\/p>\n\n\n\n<p><strong><sup>8&nbsp;<\/sup><\/strong>Venid, ved las obras de Jehov\u00e1,<\/p>\n\n\n\n<p>Que ha puesto asolamientos en la tierra.<\/p>\n\n\n\n<p><strong><sup>9&nbsp;<\/sup><\/strong>Que hace cesar las guerras hasta los fines de la tierra.<\/p>\n\n\n\n<p>Que quiebra el arco, corta la lanza,<\/p>\n\n\n\n<p>Y quema los carros en el fuego.<\/p>\n\n\n\n<p><strong><sup>10&nbsp;<\/sup><\/strong><strong>Estad quietos, y conoced que yo soy Dios;<\/strong><\/p>\n\n\n\n<p>Ser\u00e9 exaltado entre las naciones; enaltecido ser\u00e9 en la tierra.<\/p>\n\n\n\n<p><strong><sup>11&nbsp;<\/sup><\/strong>Jehov\u00e1 de los ej\u00e9rcitos est\u00e1 con nosotros;<\/p>\n\n\n\n<p>Nuestro refugio es el Dios de Jacob.&nbsp;<em>Selah<\/em><\/p>\n\n\n\n<p><strong>Qu\u00e9 hace que un dia una persona, (El aspirante) <\/strong>despierte una ma\u00f1ana y sienta una pulsi\u00f3n de ocuparse de su vida interior o de su espiritualidad, puede ser que est\u00e9 impulsado por una necesidad de salir del agobio o estado de stress generado por las sobrecargas de las vicisitudes y complejidades de la vida, o puede ser que simplemente respondi\u00f3 a un \u201dllamado\u201c interior, cualquiera sea el caso ,yo creo que cada uno de nosotros guardamos la memoria de esa \u201cCHISPA DIVINA\u201da nivel celular, esa Luz Interior de la que tanto se hace menci\u00f3n en las tradiciones M\u00edsticas y religiosas, pero del que se nos ha olvidado de ense\u00f1ar \u201cEL COMO\u201d acceder a ella, se habla mucho de la meta pero no del camino. <\/p> <br>\n\n\n\n<p class=\"has-huge-font-size\">El Despertar de la \u201cChispa divina\u201d<\/p>\n\n\n\n<p class=\"has-medium-font-size\"><strong>\u00bfQu\u00e9 CAMINO SEGUIR?<\/strong><\/p>\n\n\n\n<p>El pr\u00f3ximo paso para el ASPIRANTE es encontrar la escuela o metodolog\u00eda para encaminarse hacia el objetivo.<br>Hoy en dia hay una pl\u00e9tora de escuelas de Meditaci\u00f3n y de Crecimiento personal, algunas de ellas, (los movimientos fundamentalistas, ya sean cristianos, hind\u00faes, jud\u00edos u otros) nos pueden confundir con su mensaje de que lo que ofrecen es el \u00fanico camino para la autorrealizaci\u00f3n o salvaci\u00f3n, cuando en verdad la experiencia TRANSCENDENTAL, en la cual la mente conciente se fusiona con la conciencia trascendental, aquella LUZ INTERIOR que esta m\u00e1s all\u00e1 de toda actividad pensante, o dicho de otro modo cuando la mente conciente alcanza la experiencia del vac\u00edo interno, ha sido una experiencia com\u00fan a todas las grandes corrientes m\u00edsticas, ya sean de \u00edndole religioso, filos\u00f3fico o de tradiciones espirituales. Esta experiencia recibe un nombre diferente seg\u00fan la tradici\u00f3n a que pertenece: Gurdieff lo llamaba Conciencia Objetiva, los Suf\u00edes Baka, el Budismo Tibetano =Boddhisattva, en Raja Yoga= Sahaj Samadi o Jivanmukta, en Kabbalah=Devekut, en el Jesicasmo Cristiano=Pureza de coraz\u00f3n, en Meditaci\u00f3n Trascendental = Conciencia C\u00f3smica o Conciencia de Unidad.<br>Como dir\u00eda Shakespeare, <strong>\u201cuna rosa, llamada por cualquier otro nombre tendr\u00eda el mismo perfume dulce\u201d<\/strong><\/p>\n\n\n\n<p>Estos conocimientos han sido transmitidos de generaci\u00f3n en generaci\u00f3n en diferentes culturas y luego sistematizados a trav\u00e9s del tiempo por Grandes maestros espirituales que fundaron las bases para los grandes movimientos espirituales, religiosos y filos\u00f3ficos del mundo. \u00c9stos movimientos a su vez gestaron variadas formas de rituales, pr\u00e1cticas y f\u00f3rmulas para alcanzar este estado de gracia, armon\u00eda y perfecci\u00f3n.<br>Podemos mencionar desde Jes\u00fas, Buda, Mois\u00e9s, Abraham, Lao Tze, Toth, Pat\u00e1njali, Shankara etc. Luego en tiempos mas cercanos contamos con Maestros de la talla de Ramakrishna, Yogananda, el Dalai Lama, Gurdieff, Maharishi Mahesh Yogi, Krishnamurti, Aurobindo, que han expandido e interpretado estos conocimientos ancestrales, sumando descripciones y se\u00f1aladores en los diferentes mapas ruteros espirituales.<\/p>\n\n\n\n<p>Actualmente existen varios Gu\u00edas Aut\u00e9nticos, (sin que \u00e9stos pretendan ocupar el sitial de un Maestro Realizado) que han actualizado muchos de estos conocimientos haci\u00e9ndolos m\u00e1s entendibles y por ende mas f\u00e1ciles de implementar. Eckhart Tolle, Gregg Braden, Deepak Chopra, Drunvalo Melchizedek, Daniel Goleman y tantos otros, que nos enriquecen la vida a trav\u00e9s de sus seminarios y libros.<\/p>\n\n\n\n<p><\/p>\n\n\n\n<p><\/p>\n\n\n\n<p class=\"has-medium-font-size\"><br><p class=\"has-medium-font-size\"><strong>CAMINOS en la tradici\u00f3n VEDICA<\/strong><\/p><\/p>\n\n\n\n<p>Aun dentro una misma tradici\u00f3n encontramos variantes en los caminos sugeridos para el ASPIRANTE. En la filosof\u00eda del Yoga est\u00e1 el camino devocional llamado Bhakti Yoga, el de la acci\u00f3n, Karma yoga y de la sabidur\u00eda Gyani Yoga.<br>Seg\u00fan los textos antiguos suger\u00edan que las personas con vocaci\u00f3n devoci\u00f3nal, deben seguir el camino de su fe y adoptar una vida recoleta, las personas de un intelecto superior deb\u00edan elegir el camino del estudio y la sabidur\u00eda, y para la mayor\u00eda de las personas que componen la sociedad, se recomendaba el Karma Yoga, el yoga de la acci\u00f3n, que apunta a que su avance por el camino espiritual sea a trav\u00e9s de una conducta y acci\u00f3n impecable.<\/p>\n\n\n\n<p>La buena noticia es que en la actualidad, gracias a la libertad ideol\u00f3gica y conceptual que ha alcanzado ese sector de la humanidad culta podemos ahora integrar m\u00e9todos y herramientas de las diferentes escuelas de conocimiento, ya sean de YOGA, Meditaci\u00f3n, K\u00e1balah o Chamanismo, sin temor de tener que cambiar nuestras creencias, ni estilos de vida. El ASPIRANTE podr\u00e1 confiar que El CAMINO DE CRECIMIENTO que elija, siempre que sea de una vertiente AUTENTICA.<\/p>\n\n\n\n<p><\/p>\n\n\n\n<p><\/p>\n\n\n\n<p class=\"has-medium-font-size\"><br><p class=\"has-medium-font-size\"><strong>Datos Para tener en cuenta<\/strong><\/p><\/p>\n\n\n\n<p>Yo recomiendo a la hora de elegir que el ASPIRANTE tenga en cuenta los siguientes \u00edtems:<br>\u2022 El LINAJE DE MAESTROS (a la cual pertenece su instructor)<br>\u2022 Cuanto tiempo dispone diariamente para tal disciplina.<br>\u2022 Es necesario adherirse a alguna forma de creencia o devoci\u00f3n (con tal pr\u00e1ctica)<br>\u2022 Ofrecen alguna forma de contenci\u00f3n a trav\u00e9s del tiempo<br>\u2022 Cu\u00e1l es el grado de dificultad que tiene dicho m\u00e9todo. (\u00bflo podr\u00e9 hacer?)<br>\u2022 \u00bfSe observa en los que ense\u00f1an o en quienes practican este sistema alg\u00fan tipo de logro?<\/p>\n\n\n\n<p><\/p>\n\n\n\n<p><\/p>\n\n\n\n<p class=\"has-medium-font-size\"><br><p class=\"has-medium-font-size\"><strong>MEDITACION MANTRA YOGA<\/strong><\/p><\/p>\n\n\n\n<p>En la escuela de MANTRA YOGA (es una rama del Raja YOGA) que yo dirijo desde hace 35 a\u00f1os hago saber al ASPIRANTE que la t\u00e9cnica de Meditaci\u00f3n que ense\u00f1o carece de Dogma. Si bien est\u00e1 basada en que cada ser humano posee dentro de si un caudal ilimitado de paz, amor sabidur\u00eda energ\u00eda y paz, no se le pide al aspirante que crea en esto, ni hace falta que adopte alguna postura mental positiva.<\/p>\n\n\n\n<p><\/p>\n\n\n\n<p><\/p>\n\n\n\n<p class=\"has-medium-font-size\"><br><p class=\"has-medium-font-size\"><strong>\u00bfQu\u00e9 es? DEFINICION<\/strong><\/p><\/p>\n\n\n\n<p>La t\u00e9cnica de Meditaci\u00f3n MANTRA YOGA es una t\u00e9cnica mental que produce un estado de relajaci\u00f3n profunda, (manteniendo la alerta) por medio de la aplicaci\u00f3n (en forma mental) de ciertos sonidos primordiales llamados MANTRAS. \u00c9stas frecuencias arm\u00f3nicas tienen la capacidad de elicitar en el hombre una respuesta de relajaci\u00f3n tanto f\u00edsica como mental, que a la vez activa mecanismos de auto reparaci\u00f3n preexistentes en el sistema nervioso a niveles muy profundos, permitiendo la resoluci\u00f3n gradual de huellas conflictivas (Memorias de experiencias no resueltas) impresas en \u00e9sta. Este sistema tiene la particularidad de no requerir ning\u00fan esfuerzo de concentraci\u00f3n de parte del Meditador, pero s\u00ed la disciplina de practicarlo durante 15 a 20 minutos dos veces al d\u00eda.<\/p>\n\n\n\n<p><\/p>\n\n\n\n<p><\/p>\n\n\n\n<p class=\"has-medium-font-size\"><br><p class=\"has-medium-font-size\"><strong>\u00bfC\u00f3mo s\u00e9 si avanzo en el camino?<\/strong><\/p><\/p>\n\n\n\n<p>Antes de comenzar EL ASPIRANTE deber\u00eda hacer un inventario de c\u00f3mo esta funcionando en por lo menos 7 \u00e1reas diferentes de su vida, (a medida que avanza en su practica podr\u00e1 verificar los cambios en estas \u00e1reas).<\/p>\n\n\n\n<ol><li>C\u00f3mo est\u00e1 su salud f\u00edsica (desde falta de energ\u00eda hasta problemas psicosom\u00e1ticos)<\/li><li>C\u00f3mo est\u00e1 su salud psicol\u00f3gica (desde apat\u00eda, adicciones y todo tipo de Neurosis)<\/li><li>C\u00f3mo est\u00e1n sus relaciones interpersonales (falta de honestidad, dificultad en dar y o recibir, antagonismos)<\/li><li>Cu\u00e1l es su grado de perfomance acad\u00e9mica y\/o laboral (cuanto rendimos, cuanto nos equivocamos, cuanto nos cuesta)<\/li><li>Cu\u00e1l es su grado de dicha y bienestar interno (cuanto nos amamos a nosotros mismos nos dar\u00e1 la medida de cuanta dicha tengo)<\/li><li>Cu\u00e1l es su nivel de sincronicidad (cuanta lucha y obst\u00e1culos hay en mi vida para conseguir lo que deseo)<\/li><li>Cu\u00e1l es su capacidad de percepci\u00f3n del mundo que lo rodea *(\u00bfcu\u00e1nto me afectan las situaciones, cuanta unidad sentimos con el universo?)<\/li><\/ol>\n\n\n\n<p><\/p>\n\n\n\n<p><\/p>\n\n\n\n<p class=\"has-medium-font-size\"><br><p class=\"has-medium-font-size\"><strong>*Variantes en nuestra PERCEPCION (aclaraciones)<\/strong><\/p><\/p>\n\n\n\n<p>El poeta Rumi Dijo \u201clo que nos parezca un pedazo de pan, depender\u00e1 de que estemos con hambre o no\u201d<\/p>\n\n\n\n<p><p>Nuestro nivel o capacidad de percepci\u00f3n, depender\u00e1 de muchos factores, de programaciones familiares, religiosas y culturales, de nuestras experiencias del pasado, de c\u00f3digos sociales, de la fragilidad de nuestra estructura emocional, o sea que la manera en que nosotros apreciemos una situaci\u00f3n como conflictiva o no (o de Stress) depender\u00e1 de nuestra evaluaci\u00f3n de lo que consideramos conflictivo o estresante.<br>Si nuestra percepci\u00f3n y visi\u00f3n de la vida y el mundo que nos rodea solo abarcan el rango del mundo fenom\u00e9nico, de ese mundo material, superficial, relativo y siempre cambiante, nuestra existencia puede llegar a ser muy inc\u00f3moda, continuamente sujeta a vaivenes emocionales.<br>En cambio, si adoptamos alguna pr\u00e1ctica espiritual que nos permitan ahondar en la fuente de la Existencia y de la creaci\u00f3n, llamado tambi\u00e9n El SER ABSOLUTO que es imperturbable, no cambiante, autoreferente, omnisciente e ilimitado, alcanzaremos una creciente tranquilidad en nuestras vidas a medida que crecemos hacia la experiencia de la UNIDAD con el TODO.<\/p> <br><br><br><\/p>\n\n\n\n<p><\/p>\n\n\n\n<p><\/p>\n","protected":false},"excerpt":{"rendered":"<p>Retiro centro Loyola diciembre 2024 La propuesta en este encuentro ser\u00e1 la de fortalecer la VERDAD de quienes somos en esencia y el de poder percibir<span class=\"excerpt-hellip\"> [\u2026]<\/span><\/p>\n","protected":false},"author":1,"featured_media":478,"comment_status":"closed","ping_status":"closed","sticky":false,"template":"","format":"standard","meta":{"cybocfi_hide_featured_image":""},"categories":[4],"tags":[],"_links":{"self":[{"href":"https:\/\/estaciondeluz.com\/sitio\/wp-json\/wp\/v2\/posts\/474"}],"collection":[{"href":"https:\/\/estaciondeluz.com\/sitio\/wp-json\/wp\/v2\/posts"}],"about":[{"href":"https:\/\/estaciondeluz.com\/sitio\/wp-json\/wp\/v2\/types\/post"}],"author":[{"embeddable":true,"href":"https:\/\/estaciondeluz.com\/sitio\/wp-json\/wp\/v2\/users\/1"}],"replies":[{"embeddable":true,"href":"https:\/\/estaciondeluz.com\/sitio\/wp-json\/wp\/v2\/comments?post=474"}],"version-history":[{"count":11,"href":"https:\/\/estaciondeluz.com\/sitio\/wp-json\/wp\/v2\/posts\/474\/revisions"}],"predecessor-version":[{"id":800,"href":"https:\/\/estaciondeluz.com\/sitio\/wp-json\/wp\/v2\/posts\/474\/revisions\/800"}],"wp:featuredmedia":[{"embeddable":true,"href":"https:\/\/estaciondeluz.com\/sitio\/wp-json\/wp\/v2\/media\/478"}],"wp:attachment":[{"href":"https:\/\/estaciondeluz.com\/sitio\/wp-json\/wp\/v2\/media?parent=474"}],"wp:term":[{"taxonomy":"category","embeddable":true,"href":"https:\/\/estaciondeluz.com\/sitio\/wp-json\/wp\/v2\/categories?post=474"},{"taxonomy":"post_tag","embeddable":true,"href":"https:\/\/estaciondeluz.com\/sitio\/wp-json\/wp\/v2\/tags?post=474"}],"curies":[{"name":"wp","href":"https:\/\/api.w.org\/{rel}","templated":true}]}}